{"id":17448,"date":"2026-09-01T14:43:39","date_gmt":"2026-09-01T12:43:39","guid":{"rendered":"https:\/\/www.lahenlehti.net\/?p=17448"},"modified":"2026-09-01T14:43:45","modified_gmt":"2026-09-01T12:43:45","slug":"jarven-aani-dokumentti-kino-iiriksessa","status":"publish","type":"post","link":"https:\/\/www.lahenlehti.net\/?p=17448","title":{"rendered":"J\u00e4rven \u00e4\u00e4ni -dokumentti Kino Iiriksess\u00e4"},"content":{"rendered":"\n<p>J\u00e4rven \u00e4\u00e4ni -dokumentti esitet\u00e4\u00e4n elokuvateatteri Kino Iiriksess\u00e4 keskiviikkona 2.9.2026 klo 18.00 alkaen. N\u00e4yt\u00f6ksess\u00e4 kuullaan my\u00f6s tekij\u00e4n ja Vesij\u00e4rvis\u00e4\u00e4ti\u00f6n edustajan puheenvuorot.<\/p>\n\n\n\n<figure class=\"wp-block-image size-large\"><img loading=\"lazy\" decoding=\"async\" width=\"1024\" height=\"728\" src=\"https:\/\/www.lahenlehti.net\/wp-content\/Nayttokuva-2026-08-15-145618-1024x728.jpg\" alt=\"\" class=\"wp-image-17449\" srcset=\"https:\/\/www.lahenlehti.net\/wp-content\/Nayttokuva-2026-08-15-145618-1024x728.jpg 1024w, https:\/\/www.lahenlehti.net\/wp-content\/Nayttokuva-2026-08-15-145618-600x427.jpg 600w, https:\/\/www.lahenlehti.net\/wp-content\/Nayttokuva-2026-08-15-145618-768x546.jpg 768w, https:\/\/www.lahenlehti.net\/wp-content\/Nayttokuva-2026-08-15-145618-422x300.jpg 422w, https:\/\/www.lahenlehti.net\/wp-content\/Nayttokuva-2026-08-15-145618-300x213.jpg 300w, https:\/\/www.lahenlehti.net\/wp-content\/Nayttokuva-2026-08-15-145618.jpg 1441w\" sizes=\"auto, (max-width: 1024px) 100vw, 1024px\" \/><\/figure>\n\n\n\n<p>N\u00e4yt\u00f6ksen sis\u00e4lt\u00f6 klo 18.00 &#8211; n. 19.20:<br>Ohjaaja Antti Erolan puheenvuoro<br>J\u00e4rven \u00e4\u00e4ni -dokumentti, 35 min<br>Vesij\u00e4rvis\u00e4\u00e4ti\u00f6n vesist\u00f6asiantuntija Mirva Ketola<br>Loppukeskustelu<\/p>\n\n\n\n<p>&#8221;Miten yhdest\u00e4 Suomen kirkasvetisimmist\u00e4 j\u00e4rvist\u00e4 tuli muutamassa vuosikymmeness\u00e4 yksi saastuneimmista? Mit\u00e4 vesist\u00f6n pelastaminen on vaatinut ja milt\u00e4 n\u00e4ytt\u00e4\u00e4 sen tulevaisuus?&#8221;<\/p>\n\n\n\n<p>J\u00e4rven \u00e4\u00e4ni -dokumenttielokuva kertoo kiehtovan tarinan P\u00e4ij\u00e4t-H\u00e4meen Vesij\u00e4rvest\u00e4 ja sen rannoilla asuvista ihmisist\u00e4. Se on her\u00e4ttelev\u00e4 kuvaus ihmisen luontosuhteesta: tarina kertoo menneest\u00e4 tiet\u00e4m\u00e4tt\u00f6myydest\u00e4, mutta ennen kaikkea yhteis\u00f6n ja yhteisty\u00f6n voimasta.<\/p>\n\n\n\n<p>Lahtelaisen Antti Erolan ohjaama dokumentti on valmistunut toukokuussa 2026 osana SamiEdun Dokumenttikertojan koulutusta. Elokuva on toteutettu yhteisty\u00f6ss\u00e4 Vesij\u00e4rvis\u00e4\u00e4ti\u00f6n ja Lahden Pingviinit ry:n kanssa.<\/p>\n\n\n\n<p>N\u00e4yt\u00f6s j\u00e4rjestet\u00e4\u00e4n yhteisty\u00f6ss\u00e4 Lahti-Seura ry:n, elokuvateatteri Kino Iiriksen, P\u00e4ij\u00e4t-H\u00e4meen Vesij\u00e4rvis\u00e4\u00e4ti\u00f6n ja Flyhill Productionsin kanssa.<\/p>\n\n\n\n<p>N\u00e4yt\u00f6kseen on vapaa p\u00e4\u00e4sy.<\/p>\n\n\n\n<figure class=\"wp-block-image size-large\"><img loading=\"lazy\" decoding=\"async\" width=\"1024\" height=\"706\" src=\"https:\/\/www.lahenlehti.net\/wp-content\/Nayttokuva-2026-08-15-150606-1024x706.jpg\" alt=\"\" class=\"wp-image-17450\" srcset=\"https:\/\/www.lahenlehti.net\/wp-content\/Nayttokuva-2026-08-15-150606-1024x706.jpg 1024w, https:\/\/www.lahenlehti.net\/wp-content\/Nayttokuva-2026-08-15-150606-600x414.jpg 600w, https:\/\/www.lahenlehti.net\/wp-content\/Nayttokuva-2026-08-15-150606-768x530.jpg 768w, https:\/\/www.lahenlehti.net\/wp-content\/Nayttokuva-2026-08-15-150606-435x300.jpg 435w, https:\/\/www.lahenlehti.net\/wp-content\/Nayttokuva-2026-08-15-150606-300x207.jpg 300w, https:\/\/www.lahenlehti.net\/wp-content\/Nayttokuva-2026-08-15-150606.jpg 1118w\" sizes=\"auto, (max-width: 1024px) 100vw, 1024px\" \/><\/figure>\n","protected":false},"excerpt":{"rendered":"<p>J\u00e4rven \u00e4\u00e4ni -dokumentti esitet\u00e4\u00e4n elokuvateatteri Kino Iiriksess\u00e4 keskiviikkona 2.9.2026 klo 18.00 alkaen. N\u00e4yt\u00f6ksess\u00e4 kuullaan my\u00f6s tekij\u00e4n ja Vesij\u00e4rvis\u00e4\u00e4ti\u00f6n edustajan puheenvuorot. N\u00e4yt\u00f6ksen sis\u00e4lt\u00f6 klo 18.00 &#8211; n. 19.20:Ohjaaja Antti Erolan puheenvuoroJ\u00e4rven \u00e4\u00e4ni -dokumentti, 35 minVesij\u00e4rvis\u00e4\u00e4ti\u00f6n vesist\u00f6asiantuntija Mirva KetolaLoppukeskustelu &#8221;Miten yhdest\u00e4 Suomen &hellip; <a href=\"https:\/\/www.lahenlehti.net\/?p=17448\">Lue loppuun <span class=\"meta-nav\">&rarr;<\/span><\/a><\/p>\n","protected":false},"author":4,"featured_media":0,"comment_status":"open","ping_status":"closed","sticky":false,"template":"","format":"standard","meta":{"footnotes":""},"categories":[1],"tags":[],"class_list":["post-17448","post","type-post","status-publish","format-standard","hentry","category-uutiset"],"_links":{"self":[{"href":"https:\/\/www.lahenlehti.net\/index.php?rest_route=\/wp\/v2\/posts\/17448","targetHints":{"allow":["GET"]}}],"collection":[{"href":"https:\/\/www.lahenlehti.net\/index.php?rest_route=\/wp\/v2\/posts"}],"about":[{"href":"https:\/\/www.lahenlehti.net\/index.php?rest_route=\/wp\/v2\/types\/post"}],"author":[{"embeddable":true,"href":"https:\/\/www.lahenlehti.net\/index.php?rest_route=\/wp\/v2\/users\/4"}],"replies":[{"embeddable":true,"href":"https:\/\/www.lahenlehti.net\/index.php?rest_route=%2Fwp%2Fv2%2Fcomments&post=17448"}],"version-history":[{"count":1,"href":"https:\/\/www.lahenlehti.net\/index.php?rest_route=\/wp\/v2\/posts\/17448\/revisions"}],"predecessor-version":[{"id":17451,"href":"https:\/\/www.lahenlehti.net\/index.php?rest_route=\/wp\/v2\/posts\/17448\/revisions\/17451"}],"wp:attachment":[{"href":"https:\/\/www.lahenlehti.net\/index.php?rest_route=%2Fwp%2Fv2%2Fmedia&parent=17448"}],"wp:term":[{"taxonomy":"category","embeddable":true,"href":"https:\/\/www.lahenlehti.net\/index.php?rest_route=%2Fwp%2Fv2%2Fcategories&post=17448"},{"taxonomy":"post_tag","embeddable":true,"href":"https:\/\/www.lahenlehti.net\/index.php?rest_route=%2Fwp%2Fv2%2Ftags&post=17448"}],"curies":[{"name":"wp","href":"https:\/\/api.w.org\/{rel}","templated":true}]}}